{"id":19760,"date":"2025-11-24T08:55:37","date_gmt":"2025-11-24T07:55:37","guid":{"rendered":"https:\/\/osmutaa.splet.arnes.si\/?p=19760"},"modified":"2025-11-24T08:55:37","modified_gmt":"2025-11-24T07:55:37","slug":"druzenje-prvosolcev-in-devetosolcev-na-tradicionalnem-slovenskem-zajtrku","status":"publish","type":"post","link":"https:\/\/www.osmuta.si\/?p=19760","title":{"rendered":"Dru\u017eenje prvo\u0161olcev in deveto\u0161olcev na tradicionalnem slovenskem zajtrku"},"content":{"rendered":"<p><strong>Tradicionalni slovenski zajtrk povezal prvo\u0161olce in njihove tutorje<\/strong><\/p>\n<p>Na Osnovni \u0161oli Muta smo 21. novembra 2025 obele\u017eili Tradicionalni slovenski zajtrk s prijetnim in pou\u010dnim dru\u017eenjem deveto\u0161olcev in prvo\u0161olcev, pri katerem se nam je pridru\u017eila tudi pomo\u010dnica ravnateljice.<\/p>\n<p>Deveto\u0161olci, ki na \u0161oli delujejo kot tutorji mlaj\u0161im u\u010dencem, so najprej skupaj s prvo\u0161olci pripravili mizo za zajtrk. Nato so prvo\u0161olce nagovorili ter jim razlo\u017eili, zakaj je Tradicionalni slovenski zajtrk pomemben in kak\u0161no sporo\u010dilo nosi \u2013 spodbujanje zdrave prehrane, pomen lokalno pridelane hrane ter spo\u0161tovanje do dela slovenskih kmetov in \u010debelarjev.<\/p>\n<p>Sledil je \u0161e zabavni del, ko so deveto\u0161olci za prvo\u0161olce pripravili uganke, ki so jih mal\u010dki brez te\u017eav re\u0161ili. Tako so hitro ugotovili, da se za re\u0161itvami skrivajo \u017eivila tradicionalnega slovenskega zajtrka: jabolka, med, kruh, maslo in mleko.<\/p>\n<p>Za dodaten kan\u010dek zabave so deveto\u0161olci prevzeli \u201ckulinari\u010dno\u201d vlogo ter prvo\u0161olcem z veseljem namazali rezine kruha po njihovem izboru.<\/p>\n<p>Dru\u017eenje smo zaklju\u010dili s prijetnim skupnim zajtrkom, v katerem so u\u010denci u\u017eivali in ob tem utrdili pomen zdravega prehranjevanja ter medsebojnega sodelovanja.<\/p>\nngg_shortcode_0_placeholder\n","protected":false},"excerpt":{"rendered":"<p>Tradicionalni slovenski zajtrk povezal prvo\u0161olce in njihove tutorje Na Osnovni \u0161oli Muta smo 21. novembra 2025 obele\u017eili Tradicionalni slovenski zajtrk s prijetnim in pou\u010dnim dru\u017eenjem deveto\u0161olcev in prvo\u0161olcev, pri katerem se nam je pridru\u017eila tudi pomo\u010dnica ravnateljice. Deveto\u0161olci, ki na \u0161oli delujejo kot tutorji mlaj\u0161im u\u010dencem, so najprej skupaj s prvo\u0161olci pripravili mizo za zajtrk. [&hellip;]<\/p>\n","protected":false},"author":91970,"featured_media":19761,"comment_status":"closed","ping_status":"closed","sticky":false,"template":"","format":"standard","meta":{"_et_pb_use_builder":"","_et_pb_old_content":"","_et_gb_content_width":"","ngg_post_thumbnail":0,"footnotes":""},"categories":[12],"tags":[],"class_list":["post-19760","post","type-post","status-publish","format-standard","has-post-thumbnail","hentry","category-aktualno"],"_links":{"self":[{"href":"https:\/\/www.osmuta.si\/index.php?rest_route=\/wp\/v2\/posts\/19760","targetHints":{"allow":["GET"]}}],"collection":[{"href":"https:\/\/www.osmuta.si\/index.php?rest_route=\/wp\/v2\/posts"}],"about":[{"href":"https:\/\/www.osmuta.si\/index.php?rest_route=\/wp\/v2\/types\/post"}],"author":[{"embeddable":true,"href":"https:\/\/www.osmuta.si\/index.php?rest_route=\/wp\/v2\/users\/91970"}],"replies":[{"embeddable":true,"href":"https:\/\/www.osmuta.si\/index.php?rest_route=%2Fwp%2Fv2%2Fcomments&post=19760"}],"version-history":[{"count":1,"href":"https:\/\/www.osmuta.si\/index.php?rest_route=\/wp\/v2\/posts\/19760\/revisions"}],"predecessor-version":[{"id":19762,"href":"https:\/\/www.osmuta.si\/index.php?rest_route=\/wp\/v2\/posts\/19760\/revisions\/19762"}],"wp:featuredmedia":[{"embeddable":true,"href":"https:\/\/www.osmuta.si\/index.php?rest_route=\/wp\/v2\/media\/19761"}],"wp:attachment":[{"href":"https:\/\/www.osmuta.si\/index.php?rest_route=%2Fwp%2Fv2%2Fmedia&parent=19760"}],"wp:term":[{"taxonomy":"category","embeddable":true,"href":"https:\/\/www.osmuta.si\/index.php?rest_route=%2Fwp%2Fv2%2Fcategories&post=19760"},{"taxonomy":"post_tag","embeddable":true,"href":"https:\/\/www.osmuta.si\/index.php?rest_route=%2Fwp%2Fv2%2Ftags&post=19760"}],"curies":[{"name":"wp","href":"https:\/\/api.w.org\/{rel}","templated":true}]}}